{"id":639,"date":"2026-03-05T17:27:59","date_gmt":"2026-03-05T17:27:59","guid":{"rendered":"https:\/\/www.jamonespascual.com\/blog\/?p=639"},"modified":"2026-03-05T17:34:17","modified_gmt":"2026-03-05T17:34:17","slug":"longaniza-iberica-de-bellota-capadura-en-zaragoza-charcuterias-pascual-miguel-servet-87","status":"publish","type":"post","link":"https:\/\/www.jamonespascual.com\/blog\/longaniza-iberica-de-bellota-capadura-en-zaragoza-charcuterias-pascual-miguel-servet-87\/","title":{"rendered":"Longaniza ib\u00e9rica de bellota Capadura en Zaragoza . Charcuter\u00edas Pascual (Miguel Servet 87)"},"content":{"rendered":"\n<p class=\"has-text-align-center\">En Charcuter\u00edas Pascual seleccionamos embutidos ib\u00e9ricos de bellota elaborados en la tradici\u00f3n de La Alberca: ristras atadas, tripa natural y secado lento, donde el tiempo hace su trabajo. Capadura llega con tres perfiles \u2014chorizo, chorizo picante y salchich\u00f3n\u2014 y un corte que habla de verdad: aroma profundo, textura jugosa y equilibrio.<br>Disponible en Zaragoza, en nuestra tienda de <strong>Miguel Servet 87<\/strong>.<\/p>\n\n\n\n<p><a href=\"https:\/\/www.facebook.com\/reel\/2123520615095914\">https:\/\/www.facebook.com\/reel\/2123520615095914<\/a><\/p>\n\n\n\n<figure class=\"wp-block-video\"><video height=\"1080\" style=\"aspect-ratio: 1920 \/ 1080;\" width=\"1920\" controls src=\"https:\/\/www.jamonespascual.com\/blog\/wp-content\/uploads\/2026\/03\/Capadura-de-bellota.mp4\"><\/video><\/figure>\n\n\n\n<h2 class=\"wp-block-heading\">Capadura la ristra de bellota que huele a tradici\u00f3n<\/h2>\n\n\n\n<figure class=\"wp-block-image alignwide size-large\"><a href=\"https:\/\/www.jamonespascual.com\/blog\/wp-content\/uploads\/2026\/03\/longaniza-iberica-bellota-capadura-zaragoza.png\"><img loading=\"lazy\" decoding=\"async\" width=\"1024\" height=\"683\" src=\"https:\/\/www.jamonespascual.com\/blog\/wp-content\/uploads\/2026\/03\/longaniza-iberica-bellota-capadura-zaragoza-1024x683.png\" alt=\"Longaniza ib\u00e9rica de bellota Capadura en ristra, producto gourmet en Zaragoza\n\nSi la foto es m\u00e1s \u201ctabla con corte + pan + vino\u201d, usa este:\n\nCapadura ib\u00e9rica de bellota: chorizo en tabla con pan y vino, estilo gourmet\" class=\"wp-image-640\" title=\"Capadura ib\u00e9rica de bellota (La Alberca)\" srcset=\"https:\/\/www.jamonespascual.com\/blog\/wp-content\/uploads\/2026\/03\/longaniza-iberica-bellota-capadura-zaragoza-1024x683.png 1024w, https:\/\/www.jamonespascual.com\/blog\/wp-content\/uploads\/2026\/03\/longaniza-iberica-bellota-capadura-zaragoza-300x200.png 300w, https:\/\/www.jamonespascual.com\/blog\/wp-content\/uploads\/2026\/03\/longaniza-iberica-bellota-capadura-zaragoza-768x512.png 768w, https:\/\/www.jamonespascual.com\/blog\/wp-content\/uploads\/2026\/03\/longaniza-iberica-bellota-capadura-zaragoza.png 1536w\" sizes=\"auto, (max-width: 1024px) 100vw, 1024px\" \/><\/a><figcaption class=\"wp-element-caption\">Capadura ib\u00e9rica de bellota disponible en Charcuter\u00edas Pascual (Miguel Servet 87, Zaragoza).<\/figcaption><\/figure>\n\n\n\n<h2 class=\"wp-block-heading\">Qu\u00e9 es la Capadura de La Alberca<\/h2>\n\n\n\n<p>Capadura es una forma tradicional de presentar el embutido en <strong>ristras atadas<\/strong>, porciones que se curan de manera lenta para concentrar aroma y textura. No es solo un formato bonito: es una manera de respetar el ritmo del producto, su secado natural y ese punto justo en el que la grasa empieza a perfumar la carne al corte.<\/p>\n\n\n\n<p>En esta selecci\u00f3n trabajamos con <strong>materia prima de cerdo ib\u00e9rico de bellota<\/strong>, embutida en tripa natural y curada para lograr un bocado <strong>firme pero jugoso<\/strong>, con persistencia y equilibrio. Un embutido con car\u00e1cter: de los que se entienden con una tabla, un buen pan\u2026 y tiempo para disfrutar<\/p>\n\n\n\n<figure class=\"wp-block-image size-large\"><a href=\"https:\/\/www.jamonespascual.com\/blog\/wp-content\/uploads\/2026\/03\/capadura-la-alberca-ristras-atadas-1.png\"><img loading=\"lazy\" decoding=\"async\" width=\"1024\" height=\"683\" src=\"https:\/\/www.jamonespascual.com\/blog\/wp-content\/uploads\/2026\/03\/capadura-la-alberca-ristras-atadas-1-1024x683.png\" alt=\"Capadura ib\u00e9rica de bellota en ristras atadas cur\u00e1ndose en secadero tradicional\" class=\"wp-image-642\" title=\"Ristras de Capadura ib\u00e9rica de bellota en secadero\" srcset=\"https:\/\/www.jamonespascual.com\/blog\/wp-content\/uploads\/2026\/03\/capadura-la-alberca-ristras-atadas-1-1024x683.png 1024w, https:\/\/www.jamonespascual.com\/blog\/wp-content\/uploads\/2026\/03\/capadura-la-alberca-ristras-atadas-1-300x200.png 300w, https:\/\/www.jamonespascual.com\/blog\/wp-content\/uploads\/2026\/03\/capadura-la-alberca-ristras-atadas-1-768x512.png 768w, https:\/\/www.jamonespascual.com\/blog\/wp-content\/uploads\/2026\/03\/capadura-la-alberca-ristras-atadas-1.png 1536w\" sizes=\"auto, (max-width: 1024px) 100vw, 1024px\" \/><\/a><figcaption class=\"wp-element-caption\">Ristras atadas: el formato tradicional que define la Capadura.<\/figcaption><\/figure>\n\n\n\n<h2 class=\"wp-block-heading\">Tres sabores, chorizo, chorizo picante y salchich\u00f3n<\/h2>\n\n\n\n<p>Hay productos que se entienden con una sola loncha. Capadura es uno de ellos: el mismo origen, el mismo respeto por el secado, y tres maneras de contar la historia en boca.<\/p>\n\n\n\n<h3 class=\"wp-block-heading\">Chorizo ib\u00e9rico de bellota Capadura<\/h3>\n\n\n\n<p>Aroma limpio a piment\u00f3n y especias, con un punto dulce y redondo. Al corte se aprecia la <strong>veta de grasa<\/strong> que, con la temperatura, empieza a fundirse y a perfumar. Ideal para una tabla cl\u00e1sica, bocadillo de pan de hogaza o para coronar unas patatas asadas.<\/p>\n\n\n\n<h3 class=\"wp-block-heading\">Chorizo ib\u00e9rico picante de bellota Capadura<\/h3>\n\n\n\n<p>M\u00e1s vivo, m\u00e1s directo. El picante aparece como debe: <strong>sin tapar el sabor<\/strong>, levantando el aroma y dejando un recuerdo c\u00e1lido. Perfecto para quien busca una tabla con car\u00e1cter o un toque atrevido en tapas y tostas.<\/p>\n\n\n\n<h3 class=\"wp-block-heading\">Salchich\u00f3n ib\u00e9rico de bellota Capadura<\/h3>\n\n\n\n<p>Aqu\u00ed manda la <strong>finura del picado<\/strong> y el equilibrio de la curaci\u00f3n. M\u00e1s suave, m\u00e1s arom\u00e1tico, con ese punto de pimienta que acompa\u00f1a y alarga. Un embutido de los que \u201cse comen solos\u201d cuando est\u00e1 bien afinado.<\/p>\n\n\n\n<figure class=\"wp-block-image size-large\"><a href=\"https:\/\/www.jamonespascual.com\/blog\/wp-content\/uploads\/2026\/03\/longaniza-iberico-bellota-capadura-corte.png\"><img loading=\"lazy\" decoding=\"async\" width=\"1024\" height=\"683\" src=\"https:\/\/www.jamonespascual.com\/blog\/wp-content\/uploads\/2026\/03\/longaniza-iberico-bellota-capadura-corte-1024x683.png\" alt=\"\" class=\"wp-image-643\" srcset=\"https:\/\/www.jamonespascual.com\/blog\/wp-content\/uploads\/2026\/03\/longaniza-iberico-bellota-capadura-corte-1024x683.png 1024w, https:\/\/www.jamonespascual.com\/blog\/wp-content\/uploads\/2026\/03\/longaniza-iberico-bellota-capadura-corte-300x200.png 300w, https:\/\/www.jamonespascual.com\/blog\/wp-content\/uploads\/2026\/03\/longaniza-iberico-bellota-capadura-corte-768x512.png 768w, https:\/\/www.jamonespascual.com\/blog\/wp-content\/uploads\/2026\/03\/longaniza-iberico-bellota-capadura-corte.png 1536w\" sizes=\"auto, (max-width: 1024px) 100vw, 1024px\" \/><\/a><\/figure>\n\n\n\n<h2 class=\"wp-block-heading\">Elaboraci\u00f3n tradicional tripa natural, atado y secado lento<\/h2>\n\n\n\n<p>La Capadura no nace en una m\u00e1quina: nace del <strong>oficio<\/strong>. De embutir en <strong>tripa natural<\/strong>, de formar la ristra a mano y de dejar que el aire haga su parte. Por eso, cuando la pieza est\u00e1 en su punto, el exterior se siente firme y el interior conserva esa <strong>jugosidad<\/strong> que aparece en cuanto la loncha toca la temperatura.<\/p>\n\n\n\n<p>En la curaci\u00f3n lenta se decide todo:<\/p>\n\n\n\n<ul class=\"wp-block-list\">\n<li><strong>El aroma<\/strong>: se afina, se limpia y gana profundidad.<\/li>\n\n\n\n<li><strong>La textura<\/strong>: firme al corte, sedosa en boca.<\/li>\n\n\n\n<li><strong>El equilibrio<\/strong>: la grasa se integra y el sabor se vuelve largo, sin agresividad.<\/li>\n<\/ul>\n\n\n\n<p>Este es el tipo de embutido que no necesita exagerar: se entiende solo, con una tabla, un cuchillo y una conversaci\u00f3n.<\/p>\n\n\n\n<figure class=\"wp-block-image size-large\"><a href=\"https:\/\/www.jamonespascual.com\/blog\/wp-content\/uploads\/2026\/03\/secadero-tradicional-ristras-capadura.png\"><img loading=\"lazy\" decoding=\"async\" width=\"1024\" height=\"683\" src=\"https:\/\/www.jamonespascual.com\/blog\/wp-content\/uploads\/2026\/03\/secadero-tradicional-ristras-capadura-1024x683.png\" alt=\"Secado lento en secadero tradicional\" class=\"wp-image-645\" srcset=\"https:\/\/www.jamonespascual.com\/blog\/wp-content\/uploads\/2026\/03\/secadero-tradicional-ristras-capadura-1024x683.png 1024w, https:\/\/www.jamonespascual.com\/blog\/wp-content\/uploads\/2026\/03\/secadero-tradicional-ristras-capadura-300x200.png 300w, https:\/\/www.jamonespascual.com\/blog\/wp-content\/uploads\/2026\/03\/secadero-tradicional-ristras-capadura-768x512.png 768w, https:\/\/www.jamonespascual.com\/blog\/wp-content\/uploads\/2026\/03\/secadero-tradicional-ristras-capadura.png 1536w\" sizes=\"auto, (max-width: 1024px) 100vw, 1024px\" \/><\/a><\/figure>\n\n\n\n<h2 class=\"wp-block-heading\">Aroma, jugosidad y equilibrio lo que aporta la bellota<\/h2>\n\n\n\n<p>La bellota no es un eslogan: se nota. En estos embutidos, la alimentaci\u00f3n y la calidad de la grasa se traducen en <strong>textura<\/strong> y en <strong>persistencia arom\u00e1tica<\/strong>. Al corte aparece ese brillo natural, la loncha se mantiene firme y, a los pocos segundos, empieza a \u201csoltar\u201d perfume.<\/p>\n\n\n\n<p>\u00bfQu\u00e9 encontrar\u00e1s en cada bocado?<\/p>\n\n\n\n<ul class=\"wp-block-list\">\n<li><strong>Aroma profundo<\/strong>: especias y curaci\u00f3n, sin estridencias.<\/li>\n\n\n\n<li><strong>Grasa integrada<\/strong>: no enmascara, <strong>redondea<\/strong> y alarga el sabor.<\/li>\n\n\n\n<li><strong>Mordida limpia<\/strong>: picado y curaci\u00f3n equilibrados para que la loncha se funda sin hacerse pesada.<\/li>\n<\/ul>\n\n\n\n<p>Un consejo sencillo: saca la Capadura <strong>10\u201315 minutos antes<\/strong> de servirla. A temperatura ambiente aparece lo mejor: el punto jugoso y ese final largo que pide pan\u2026 o silencio.<\/p>\n\n\n\n<figure class=\"wp-block-image size-large\"><a href=\"https:\/\/www.jamonespascual.com\/blog\/wp-content\/uploads\/2026\/03\/corte-capadura-iberica-bellota-brillo.png\"><img loading=\"lazy\" decoding=\"async\" width=\"1024\" height=\"683\" src=\"https:\/\/www.jamonespascual.com\/blog\/wp-content\/uploads\/2026\/03\/corte-capadura-iberica-bellota-brillo-1024x683.png\" alt=\"Corte de Capadura ib\u00e9rica de bellota con infiltraci\u00f3n y brillo natural\" class=\"wp-image-646\" srcset=\"https:\/\/www.jamonespascual.com\/blog\/wp-content\/uploads\/2026\/03\/corte-capadura-iberica-bellota-brillo-1024x683.png 1024w, https:\/\/www.jamonespascual.com\/blog\/wp-content\/uploads\/2026\/03\/corte-capadura-iberica-bellota-brillo-300x200.png 300w, https:\/\/www.jamonespascual.com\/blog\/wp-content\/uploads\/2026\/03\/corte-capadura-iberica-bellota-brillo-768x512.png 768w, https:\/\/www.jamonespascual.com\/blog\/wp-content\/uploads\/2026\/03\/corte-capadura-iberica-bellota-brillo.png 1536w\" sizes=\"auto, (max-width: 1024px) 100vw, 1024px\" \/><\/a><\/figure>\n\n\n\n<h2 class=\"wp-block-heading\">C\u00f3mo disfrutar la Capadura en casa<\/h2>\n\n\n\n<p>La Capadura es agradecida: con poco, da mucho. Solo necesita <strong>temperatura<\/strong>, un corte limpio y una mesa con ganas.<\/p>\n\n\n\n<ol class=\"wp-block-list\">\n<li><strong>Templa antes de servir<\/strong><br>S\u00e1cala del fr\u00edo <strong>10\u201315 minutos<\/strong>. La grasa se vuelve m\u00e1s amable y el aroma se abre.<\/li>\n\n\n\n<li><strong>Corte fino, sin prisas<\/strong><br>Un cuchillo bien afilado y loncha fina: as\u00ed aparece la jugosidad y el equilibrio de la curaci\u00f3n.<\/li>\n\n\n\n<li><strong>Pan de hogaza y un vino con car\u00e1cter<\/strong><br>Con pan crujiente y un tinto joven o crianza, el conjunto se redondea. Si prefieres blanco, elige uno con cuerpo.<\/li>\n\n\n\n<li><strong>Ideas r\u00e1pidas de tapeo<\/strong><\/li>\n<\/ol>\n\n\n\n<ul class=\"wp-block-list\">\n<li>Tosta con tomate rallado + chorizo Capadura<\/li>\n\n\n\n<li>Patata asada + chorizo picante en virutas<\/li>\n\n\n\n<li>Queso curado + salchich\u00f3n Capadura para un contraste elegante<\/li>\n<\/ul>\n\n\n\n<figure class=\"wp-block-image size-large\"><a href=\"https:\/\/www.jamonespascual.com\/blog\/wp-content\/uploads\/2026\/03\/capadura-tabla-aperitivo-pan-vino.png\"><img loading=\"lazy\" decoding=\"async\" width=\"1024\" height=\"683\" src=\"https:\/\/www.jamonespascual.com\/blog\/wp-content\/uploads\/2026\/03\/capadura-tabla-aperitivo-pan-vino-1024x683.png\" alt=\"Tabla gourmet con Capadura, pan y vino\" class=\"wp-image-647\" srcset=\"https:\/\/www.jamonespascual.com\/blog\/wp-content\/uploads\/2026\/03\/capadura-tabla-aperitivo-pan-vino-1024x683.png 1024w, https:\/\/www.jamonespascual.com\/blog\/wp-content\/uploads\/2026\/03\/capadura-tabla-aperitivo-pan-vino-300x200.png 300w, https:\/\/www.jamonespascual.com\/blog\/wp-content\/uploads\/2026\/03\/capadura-tabla-aperitivo-pan-vino-768x512.png 768w, https:\/\/www.jamonespascual.com\/blog\/wp-content\/uploads\/2026\/03\/capadura-tabla-aperitivo-pan-vino.png 1536w\" sizes=\"auto, (max-width: 1024px) 100vw, 1024px\" \/><\/a><\/figure>\n\n\n\n<h2 class=\"wp-block-heading\">D\u00f3nde comprar Capadura en Zaragoza<\/h2>\n\n\n\n<p>Si quieres llevarte Capadura <strong>por piezas sueltas o en ristra<\/strong>, te esperamos en <strong>Charcuter\u00edas Pascual<\/strong>, en <strong>Miguel Servet 87 (Zaragoza)<\/strong>. Aqu\u00ed no compras \u201ca ciegas\u201d: te asesoramos seg\u00fan lo que busques \u2014m\u00e1s dulce, m\u00e1s picante o m\u00e1s suave\u2014 y te recomendamos el punto ideal para tu tabla, tu aperitivo o un regalo gourmet.<\/p>\n\n\n\n<p><strong>En tienda encontrar\u00e1s:<\/strong><\/p>\n\n\n\n<ul class=\"wp-block-list\">\n<li>Capadura en <strong>ristra<\/strong> (formato tradicional)<\/li>\n\n\n\n<li>Capadura <strong>por piezas<\/strong> (ideal para probar o combinar sabores)<\/li>\n\n\n\n<li>Consejos de corte, conservaci\u00f3n y maridaje para disfrutarla en su mejor momento<\/li>\n<\/ul>\n\n\n\n<figure class=\"wp-block-image size-large\"><a href=\"https:\/\/www.jamonespascual.com\/blog\/wp-content\/uploads\/2026\/03\/Jamones-Pascual-Miguel-Servert-87-1.jpg\"><img loading=\"lazy\" decoding=\"async\" width=\"1024\" height=\"859\" src=\"https:\/\/www.jamonespascual.com\/blog\/wp-content\/uploads\/2026\/03\/Jamones-Pascual-Miguel-Servert-87-1-1024x859.jpg\" alt=\"Charcuterias Pascual , Miguel Servert 87, 50009 Zaragoza\n\" class=\"wp-image-648\" srcset=\"https:\/\/www.jamonespascual.com\/blog\/wp-content\/uploads\/2026\/03\/Jamones-Pascual-Miguel-Servert-87-1-1024x859.jpg 1024w, https:\/\/www.jamonespascual.com\/blog\/wp-content\/uploads\/2026\/03\/Jamones-Pascual-Miguel-Servert-87-1-300x252.jpg 300w, https:\/\/www.jamonespascual.com\/blog\/wp-content\/uploads\/2026\/03\/Jamones-Pascual-Miguel-Servert-87-1-768x645.jpg 768w, https:\/\/www.jamonespascual.com\/blog\/wp-content\/uploads\/2026\/03\/Jamones-Pascual-Miguel-Servert-87-1-1536x1289.jpg 1536w, https:\/\/www.jamonespascual.com\/blog\/wp-content\/uploads\/2026\/03\/Jamones-Pascual-Miguel-Servert-87-1-2048x1719.jpg 2048w\" sizes=\"auto, (max-width: 1024px) 100vw, 1024px\" \/><\/a><figcaption class=\"wp-element-caption\">Capadura en Zaragoza: disponible en Charcuter\u00edas Pascual, Miguel Servet 87.<\/figcaption><\/figure>\n\n\n\n<div class=\"wp-block-buttons is-layout-flex wp-block-buttons-is-layout-flex\">\n<div class=\"wp-block-button\"><a class=\"wp-block-button__link wp-element-button\" href=\"https:\/\/wa.me\/34675822360?text=Hola%2C%20quiero%20reservar%20Capadura%20(Chorizo%2C%20Picante%20o%20Salchich%C3%B3n)%20para%20recoger%20en%20Miguel%20Servet%2087%20(Zaragoza).%20%C2%BFHay%20disponibilidad%3F\">\u201cReservar Capadura por WhatsApp\u201d<\/a><\/div>\n<\/div>\n\n\n\n<div class=\"wp-block-buttons is-layout-flex wp-block-buttons-is-layout-flex\">\n<div class=\"wp-block-button\"><a class=\"wp-block-button__link wp-element-button\" href=\"https:\/\/www.google.com\/maps\/dir\/?api=1&amp;destination=Calle%20Miguel%20Servet%2087%2C%2050013%20Zaragoza%2C%20Espa%C3%B1a\">Como llegar <\/a><\/div>\n<\/div>\n\n\n\n\n<div style=\"display:flex; flex-wrap:wrap; gap:12px; margin:18px 0;\">\n  <a href=\"https:\/\/wa.me\/34675822360?text=Hola%2C%20quiero%20reservar%20Capadura%20(Chorizo%2C%20Picante%20o%20Salchich%C3%B3n)%20para%20recoger%20en%20Miguel%20Servet%2087%20(Zaragoza).%20%C2%BFHay%20disponibilidad%3F\"\n     target=\"_blank\" rel=\"noopener noreferrer\"\n     style=\"display:inline-block; padding:12px 16px; border-radius:10px; text-decoration:none; font-weight:700;\">\n    Reservar por WhatsApp\n  <\/a>\n\n  <a href=\"https:\/\/www.google.com\/maps\/dir\/?api=1&#038;destination=Calle%20Miguel%20Servet%2087%2C%2050013%20Zaragoza%2C%20Espa%C3%B1a\"\n     target=\"_blank\" rel=\"noopener noreferrer\"\n     style=\"display:inline-block; padding:12px 16px; border-radius:10px; text-decoration:none; font-weight:700;\">\n    C\u00f3mo llegar\n  <\/a>\n<\/div>\n\n<iframe\n  src=\"https:\/\/www.google.com\/maps?q=Calle%20Miguel%20Servet%2087%2C%2050013%20Zaragoza%2C%20Espa%C3%B1a&#038;output=embed\"\n  width=\"100%\" height=\"360\"\n  style=\"border:0; border-radius:14px;\"\n  loading=\"lazy\"\n  referrerpolicy=\"no-referrer-when-downgrade\"\n  allowfullscreen>\n<\/iframe>\n\n<p style=\"margin-top:10px;\">\n  <strong>Charcuter\u00edas Pascual<\/strong> \u2014 Calle Miguel Servet 87, 50013 Zaragoza, Espa\u00f1a\n<\/p>\n\n\n\n\n<p><strong>Te atender\u00e1 el equipo de Charcuter\u00edas Pascual:<\/strong> Marisol, Diego, Pablo y Pilar.<\/p>\n\n<p>\n  Conoce m\u00e1s sobre <a href=\"https:\/\/www.jamonespascual.com\/\" target=\"_blank\" rel=\"noopener noreferrer\">Jamones Pascual<\/a> y nuestra selecci\u00f3n gourmet en Zaragoza.\n  Tambi\u00e9n puedes visitar nuestra <a href=\"https:\/\/jamonespascual.com\/tienda-miguel-servet-n--87.php\" target=\"_blank\" rel=\"noopener noreferrer\">tienda de Miguel Servet 87<\/a>\n  o escribirnos desde <a href=\"https:\/\/www.jamonespascual.com\/contacto.html\" target=\"_blank\" rel=\"noopener noreferrer\">Contacto<\/a>.\n<\/p>\n","protected":false},"excerpt":{"rendered":"<p>En Charcuter\u00edas Pascual seleccionamos embutidos ib\u00e9ricos de bellota elaborados en la tradici\u00f3n de La Alberca: ristras atadas, tripa natural y secado lento, donde el tiempo hace su trabajo. Capadura llega con tres perfiles \u2014chorizo, chorizo picante y salchich\u00f3n\u2014 y un corte que habla de verdad: aroma profundo, textura jugosa y equilibrio.Disponible en Zaragoza, en nuestra [&hellip;]<\/p>\n","protected":false},"author":2,"featured_media":0,"comment_status":"open","ping_status":"open","sticky":false,"template":"","format":"standard","meta":{"site-sidebar-layout":"default","site-content-layout":"","ast-site-content-layout":"default","site-content-style":"default","site-sidebar-style":"default","ast-global-header-display":"","ast-banner-title-visibility":"","ast-main-header-display":"","ast-hfb-above-header-display":"","ast-hfb-below-header-display":"","ast-hfb-mobile-header-display":"","site-post-title":"","ast-breadcrumbs-content":"","ast-featured-img":"","footer-sml-layout":"","ast-disable-related-posts":"","theme-transparent-header-meta":"","adv-header-id-meta":"","stick-header-meta":"","header-above-stick-meta":"","header-main-stick-meta":"","header-below-stick-meta":"","astra-migrate-meta-layouts":"default","ast-page-background-enabled":"default","ast-page-background-meta":{"desktop":{"background-color":"var(--ast-global-color-5)","background-image":"","background-repeat":"repeat","background-position":"center center","background-size":"auto","background-attachment":"scroll","background-type":"","background-media":"","overlay-type":"","overlay-color":"","overlay-opacity":"","overlay-gradient":""},"tablet":{"background-color":"","background-image":"","background-repeat":"repeat","background-position":"center center","background-size":"auto","background-attachment":"scroll","background-type":"","background-media":"","overlay-type":"","overlay-color":"","overlay-opacity":"","overlay-gradient":""},"mobile":{"background-color":"","background-image":"","background-repeat":"repeat","background-position":"center center","background-size":"auto","background-attachment":"scroll","background-type":"","background-media":"","overlay-type":"","overlay-color":"","overlay-opacity":"","overlay-gradient":""}},"ast-content-background-meta":{"desktop":{"background-color":"var(--ast-global-color-4)","background-image":"","background-repeat":"repeat","background-position":"center center","background-size":"auto","background-attachment":"scroll","background-type":"","background-media":"","overlay-type":"","overlay-color":"","overlay-opacity":"","overlay-gradient":""},"tablet":{"background-color":"var(--ast-global-color-4)","background-image":"","background-repeat":"repeat","background-position":"center center","background-size":"auto","background-attachment":"scroll","background-type":"","background-media":"","overlay-type":"","overlay-color":"","overlay-opacity":"","overlay-gradient":""},"mobile":{"background-color":"var(--ast-global-color-4)","background-image":"","background-repeat":"repeat","background-position":"center center","background-size":"auto","background-attachment":"scroll","background-type":"","background-media":"","overlay-type":"","overlay-color":"","overlay-opacity":"","overlay-gradient":""}},"footnotes":""},"categories":[24],"tags":[27,39,40,30,25,35,26,28,36,31,32,41,38,33,29,34,37],"class_list":["post-639","post","type-post","status-publish","format-standard","hentry","category-embutidos-ibericos-de-bellota","tag-capadura","tag-charcuteria-gourmet","tag-charcuterias-pascual","tag-chorizo-iberico-de-bellota","tag-chorizo-iberico-picante","tag-curacion-tradicional","tag-embutidos-ibericos","tag-embutidos-ibericos-de-bellota","tag-jamones-pascual","tag-longaniza-iberica","tag-longaniza-iberica-de-bellota","tag-miguel-servet-87","tag-producto-gourmet","tag-ristras-de-longaniza","tag-salchichon-iberico-de-bellota","tag-secado-natural","tag-zaragoza"],"yoast_head":"<!-- This site is optimized with the Yoast SEO plugin v27.4 - https:\/\/yoast.com\/product\/yoast-seo-wordpress\/ -->\n<title>Longaniza ib\u00e9rica de bellota Capadura en Zaragoza . Charcuter\u00edas Pascual (Miguel Servet 87) - Blog de Charcuterias Pascual<\/title>\n<meta name=\"robots\" content=\"index, follow, max-snippet:-1, max-image-preview:large, max-video-preview:-1\" \/>\n<link rel=\"canonical\" href=\"https:\/\/www.jamonespascual.com\/blog\/longaniza-iberica-de-bellota-capadura-en-zaragoza-charcuterias-pascual-miguel-servet-87\/\" \/>\n<meta property=\"og:locale\" content=\"es_ES\" \/>\n<meta property=\"og:type\" content=\"article\" \/>\n<meta property=\"og:title\" content=\"Longaniza ib\u00e9rica de bellota Capadura en Zaragoza . Charcuter\u00edas Pascual (Miguel Servet 87) - Blog de Charcuterias Pascual\" \/>\n<meta property=\"og:description\" content=\"En Charcuter\u00edas Pascual seleccionamos embutidos ib\u00e9ricos de bellota elaborados en la tradici\u00f3n de La Alberca: ristras atadas, tripa natural y secado lento, donde el tiempo hace su trabajo. Capadura llega con tres perfiles \u2014chorizo, chorizo picante y salchich\u00f3n\u2014 y un corte que habla de verdad: aroma profundo, textura jugosa y equilibrio.Disponible en Zaragoza, en nuestra [&hellip;]\" \/>\n<meta property=\"og:url\" content=\"https:\/\/www.jamonespascual.com\/blog\/longaniza-iberica-de-bellota-capadura-en-zaragoza-charcuterias-pascual-miguel-servet-87\/\" \/>\n<meta property=\"og:site_name\" content=\"Blog de Charcuterias Pascual\" \/>\n<meta property=\"article:publisher\" content=\"https:\/\/www.facebook.com\/JamonesPascual\/\" \/>\n<meta property=\"article:published_time\" content=\"2026-03-05T17:27:59+00:00\" \/>\n<meta property=\"article:modified_time\" content=\"2026-03-05T17:34:17+00:00\" \/>\n<meta property=\"og:image\" content=\"https:\/\/www.jamonespascual.com\/blog\/wp-content\/uploads\/2026\/03\/longaniza-iberica-bellota-capadura-zaragoza-1024x683.png\" \/>\n\t<meta property=\"og:image:width\" content=\"1024\" \/>\n\t<meta property=\"og:image:height\" content=\"683\" \/>\n\t<meta property=\"og:image:type\" content=\"image\/png\" \/>\n<meta name=\"author\" content=\"Jamones Pascual Pascual\" \/>\n<meta name=\"twitter:card\" content=\"summary_large_image\" \/>\n<meta name=\"twitter:creator\" content=\"@JamonesPascual\" \/>\n<meta name=\"twitter:site\" content=\"@JamonesPascual\" \/>\n<meta name=\"twitter:label1\" content=\"Escrito por\" \/>\n\t<meta name=\"twitter:data1\" content=\"Jamones Pascual Pascual\" \/>\n\t<meta name=\"twitter:label2\" content=\"Tiempo de lectura\" \/>\n\t<meta name=\"twitter:data2\" content=\"6 minutos\" \/>\n<script type=\"application\/ld+json\" class=\"yoast-schema-graph\">{\"@context\":\"https:\\\/\\\/schema.org\",\"@graph\":[{\"@type\":\"Article\",\"@id\":\"https:\\\/\\\/www.jamonespascual.com\\\/blog\\\/longaniza-iberica-de-bellota-capadura-en-zaragoza-charcuterias-pascual-miguel-servet-87\\\/#article\",\"isPartOf\":{\"@id\":\"https:\\\/\\\/www.jamonespascual.com\\\/blog\\\/longaniza-iberica-de-bellota-capadura-en-zaragoza-charcuterias-pascual-miguel-servet-87\\\/\"},\"author\":{\"name\":\"Jamones Pascual Pascual\",\"@id\":\"https:\\\/\\\/www.jamonespascual.com\\\/blog\\\/#\\\/schema\\\/person\\\/06e6875e1a6cbf29e34c2ea4d7cf17ad\"},\"headline\":\"Longaniza ib\u00e9rica de bellota Capadura en Zaragoza . Charcuter\u00edas Pascual (Miguel Servet 87)\",\"datePublished\":\"2026-03-05T17:27:59+00:00\",\"dateModified\":\"2026-03-05T17:34:17+00:00\",\"mainEntityOfPage\":{\"@id\":\"https:\\\/\\\/www.jamonespascual.com\\\/blog\\\/longaniza-iberica-de-bellota-capadura-en-zaragoza-charcuterias-pascual-miguel-servet-87\\\/\"},\"wordCount\":965,\"commentCount\":0,\"publisher\":{\"@id\":\"https:\\\/\\\/www.jamonespascual.com\\\/blog\\\/#organization\"},\"image\":{\"@id\":\"https:\\\/\\\/www.jamonespascual.com\\\/blog\\\/longaniza-iberica-de-bellota-capadura-en-zaragoza-charcuterias-pascual-miguel-servet-87\\\/#primaryimage\"},\"thumbnailUrl\":\"https:\\\/\\\/www.jamonespascual.com\\\/blog\\\/wp-content\\\/uploads\\\/2026\\\/03\\\/longaniza-iberica-bellota-capadura-zaragoza-1024x683.png\",\"keywords\":[\"capadura\",\"charcuter\u00eda gourmet\",\"Charcuter\u00edas Pascual\",\"chorizo ib\u00e9rico de bellota\",\"chorizo ib\u00e9rico picante\",\"curaci\u00f3n tradicional\",\"embutidos ib\u00e9ricos\",\"embutidos ib\u00e9ricos de bellota\",\"Jamones Pascual\",\"longaniza ib\u00e9rica\",\"longaniza ib\u00e9rica de bellota\",\"Miguel Servet 87\",\"producto gourmet\",\"ristras de longaniza\",\"salchich\u00f3n ib\u00e9rico de bellota\",\"secado natural\",\"Zaragoza\"],\"articleSection\":[\"Embutidos Ib\u00e9ricos de Bellota\"],\"inLanguage\":\"es\",\"potentialAction\":[{\"@type\":\"CommentAction\",\"name\":\"Comment\",\"target\":[\"https:\\\/\\\/www.jamonespascual.com\\\/blog\\\/longaniza-iberica-de-bellota-capadura-en-zaragoza-charcuterias-pascual-miguel-servet-87\\\/#respond\"]}]},{\"@type\":\"WebPage\",\"@id\":\"https:\\\/\\\/www.jamonespascual.com\\\/blog\\\/longaniza-iberica-de-bellota-capadura-en-zaragoza-charcuterias-pascual-miguel-servet-87\\\/\",\"url\":\"https:\\\/\\\/www.jamonespascual.com\\\/blog\\\/longaniza-iberica-de-bellota-capadura-en-zaragoza-charcuterias-pascual-miguel-servet-87\\\/\",\"name\":\"Longaniza ib\u00e9rica de bellota Capadura en Zaragoza . Charcuter\u00edas Pascual (Miguel Servet 87) - Blog de Charcuterias Pascual\",\"isPartOf\":{\"@id\":\"https:\\\/\\\/www.jamonespascual.com\\\/blog\\\/#website\"},\"primaryImageOfPage\":{\"@id\":\"https:\\\/\\\/www.jamonespascual.com\\\/blog\\\/longaniza-iberica-de-bellota-capadura-en-zaragoza-charcuterias-pascual-miguel-servet-87\\\/#primaryimage\"},\"image\":{\"@id\":\"https:\\\/\\\/www.jamonespascual.com\\\/blog\\\/longaniza-iberica-de-bellota-capadura-en-zaragoza-charcuterias-pascual-miguel-servet-87\\\/#primaryimage\"},\"thumbnailUrl\":\"https:\\\/\\\/www.jamonespascual.com\\\/blog\\\/wp-content\\\/uploads\\\/2026\\\/03\\\/longaniza-iberica-bellota-capadura-zaragoza-1024x683.png\",\"datePublished\":\"2026-03-05T17:27:59+00:00\",\"dateModified\":\"2026-03-05T17:34:17+00:00\",\"breadcrumb\":{\"@id\":\"https:\\\/\\\/www.jamonespascual.com\\\/blog\\\/longaniza-iberica-de-bellota-capadura-en-zaragoza-charcuterias-pascual-miguel-servet-87\\\/#breadcrumb\"},\"inLanguage\":\"es\",\"potentialAction\":[{\"@type\":\"ReadAction\",\"target\":[\"https:\\\/\\\/www.jamonespascual.com\\\/blog\\\/longaniza-iberica-de-bellota-capadura-en-zaragoza-charcuterias-pascual-miguel-servet-87\\\/\"]}]},{\"@type\":\"ImageObject\",\"inLanguage\":\"es\",\"@id\":\"https:\\\/\\\/www.jamonespascual.com\\\/blog\\\/longaniza-iberica-de-bellota-capadura-en-zaragoza-charcuterias-pascual-miguel-servet-87\\\/#primaryimage\",\"url\":\"https:\\\/\\\/www.jamonespascual.com\\\/blog\\\/wp-content\\\/uploads\\\/2026\\\/03\\\/longaniza-iberica-bellota-capadura-zaragoza.png\",\"contentUrl\":\"https:\\\/\\\/www.jamonespascual.com\\\/blog\\\/wp-content\\\/uploads\\\/2026\\\/03\\\/longaniza-iberica-bellota-capadura-zaragoza.png\",\"width\":1536,\"height\":1024},{\"@type\":\"BreadcrumbList\",\"@id\":\"https:\\\/\\\/www.jamonespascual.com\\\/blog\\\/longaniza-iberica-de-bellota-capadura-en-zaragoza-charcuterias-pascual-miguel-servet-87\\\/#breadcrumb\",\"itemListElement\":[{\"@type\":\"ListItem\",\"position\":1,\"name\":\"Portada\",\"item\":\"https:\\\/\\\/www.jamonespascual.com\\\/blog\\\/\"},{\"@type\":\"ListItem\",\"position\":2,\"name\":\"Longaniza ib\u00e9rica de bellota Capadura en Zaragoza . Charcuter\u00edas Pascual (Miguel Servet 87)\"}]},{\"@type\":\"WebSite\",\"@id\":\"https:\\\/\\\/www.jamonespascual.com\\\/blog\\\/#website\",\"url\":\"https:\\\/\\\/www.jamonespascual.com\\\/blog\\\/\",\"name\":\"Maestros Jamoneros\",\"description\":\"Jam\u00f3n, ib\u00e9ricos, gourmet y cultura del producto en Zaragoza\",\"publisher\":{\"@id\":\"https:\\\/\\\/www.jamonespascual.com\\\/blog\\\/#organization\"},\"potentialAction\":[{\"@type\":\"SearchAction\",\"target\":{\"@type\":\"EntryPoint\",\"urlTemplate\":\"https:\\\/\\\/www.jamonespascual.com\\\/blog\\\/?s={search_term_string}\"},\"query-input\":{\"@type\":\"PropertyValueSpecification\",\"valueRequired\":true,\"valueName\":\"search_term_string\"}}],\"inLanguage\":\"es\"},{\"@type\":\"Organization\",\"@id\":\"https:\\\/\\\/www.jamonespascual.com\\\/blog\\\/#organization\",\"name\":\"Maestros Jamoneros\",\"url\":\"https:\\\/\\\/www.jamonespascual.com\\\/blog\\\/\",\"logo\":{\"@type\":\"ImageObject\",\"inLanguage\":\"es\",\"@id\":\"https:\\\/\\\/www.jamonespascual.com\\\/blog\\\/#\\\/schema\\\/logo\\\/image\\\/\",\"url\":\"https:\\\/\\\/www.jamonespascual.com\\\/blog\\\/wp-content\\\/uploads\\\/2026\\\/03\\\/logo-autentico-de-jamones-pascual.jpeg\",\"contentUrl\":\"https:\\\/\\\/www.jamonespascual.com\\\/blog\\\/wp-content\\\/uploads\\\/2026\\\/03\\\/logo-autentico-de-jamones-pascual.jpeg\",\"width\":189,\"height\":267,\"caption\":\"Maestros Jamoneros\"},\"image\":{\"@id\":\"https:\\\/\\\/www.jamonespascual.com\\\/blog\\\/#\\\/schema\\\/logo\\\/image\\\/\"},\"sameAs\":[\"https:\\\/\\\/www.facebook.com\\\/JamonesPascual\\\/\",\"https:\\\/\\\/x.com\\\/JamonesPascual\",\"https:\\\/\\\/www.instagram.com\\\/pascualcharcuterias\\\/?hl=es\",\"https:\\\/\\\/es.pinterest.com\\\/JamonesPascual\\\/\",\"https:\\\/\\\/www.tumblr.com\\\/charcuteriaspascual\",\"https:\\\/\\\/www.flickr.com\\\/photos\\\/187582394@N06\\\/\"]},{\"@type\":\"Person\",\"@id\":\"https:\\\/\\\/www.jamonespascual.com\\\/blog\\\/#\\\/schema\\\/person\\\/06e6875e1a6cbf29e34c2ea4d7cf17ad\",\"name\":\"Jamones Pascual Pascual\",\"image\":{\"@type\":\"ImageObject\",\"inLanguage\":\"es\",\"@id\":\"https:\\\/\\\/secure.gravatar.com\\\/avatar\\\/3fab46a91c3e5f8b5e1e728d6e579e449b68fc2de78c8c510dfc2dbf34185273?s=96&d=mm&r=g\",\"url\":\"https:\\\/\\\/secure.gravatar.com\\\/avatar\\\/3fab46a91c3e5f8b5e1e728d6e579e449b68fc2de78c8c510dfc2dbf34185273?s=96&d=mm&r=g\",\"contentUrl\":\"https:\\\/\\\/secure.gravatar.com\\\/avatar\\\/3fab46a91c3e5f8b5e1e728d6e579e449b68fc2de78c8c510dfc2dbf34185273?s=96&d=mm&r=g\",\"caption\":\"Jamones Pascual Pascual\"},\"sameAs\":[\"https:\\\/\\\/www.jamonespascual.com\\\/\"],\"url\":\"https:\\\/\\\/www.jamonespascual.com\\\/blog\\\/author\\\/jamones-pascual\\\/\"}]}<\/script>\n<!-- \/ Yoast SEO plugin. -->","yoast_head_json":{"title":"Longaniza ib\u00e9rica de bellota Capadura en Zaragoza . Charcuter\u00edas Pascual (Miguel Servet 87) - Blog de Charcuterias Pascual","robots":{"index":"index","follow":"follow","max-snippet":"max-snippet:-1","max-image-preview":"max-image-preview:large","max-video-preview":"max-video-preview:-1"},"canonical":"https:\/\/www.jamonespascual.com\/blog\/longaniza-iberica-de-bellota-capadura-en-zaragoza-charcuterias-pascual-miguel-servet-87\/","og_locale":"es_ES","og_type":"article","og_title":"Longaniza ib\u00e9rica de bellota Capadura en Zaragoza . Charcuter\u00edas Pascual (Miguel Servet 87) - Blog de Charcuterias Pascual","og_description":"En Charcuter\u00edas Pascual seleccionamos embutidos ib\u00e9ricos de bellota elaborados en la tradici\u00f3n de La Alberca: ristras atadas, tripa natural y secado lento, donde el tiempo hace su trabajo. Capadura llega con tres perfiles \u2014chorizo, chorizo picante y salchich\u00f3n\u2014 y un corte que habla de verdad: aroma profundo, textura jugosa y equilibrio.Disponible en Zaragoza, en nuestra [&hellip;]","og_url":"https:\/\/www.jamonespascual.com\/blog\/longaniza-iberica-de-bellota-capadura-en-zaragoza-charcuterias-pascual-miguel-servet-87\/","og_site_name":"Blog de Charcuterias Pascual","article_publisher":"https:\/\/www.facebook.com\/JamonesPascual\/","article_published_time":"2026-03-05T17:27:59+00:00","article_modified_time":"2026-03-05T17:34:17+00:00","og_image":[{"width":1024,"height":683,"url":"https:\/\/www.jamonespascual.com\/blog\/wp-content\/uploads\/2026\/03\/longaniza-iberica-bellota-capadura-zaragoza-1024x683.png","type":"image\/png"}],"author":"Jamones Pascual Pascual","twitter_card":"summary_large_image","twitter_creator":"@JamonesPascual","twitter_site":"@JamonesPascual","twitter_misc":{"Escrito por":"Jamones Pascual Pascual","Tiempo de lectura":"6 minutos"},"schema":{"@context":"https:\/\/schema.org","@graph":[{"@type":"Article","@id":"https:\/\/www.jamonespascual.com\/blog\/longaniza-iberica-de-bellota-capadura-en-zaragoza-charcuterias-pascual-miguel-servet-87\/#article","isPartOf":{"@id":"https:\/\/www.jamonespascual.com\/blog\/longaniza-iberica-de-bellota-capadura-en-zaragoza-charcuterias-pascual-miguel-servet-87\/"},"author":{"name":"Jamones Pascual Pascual","@id":"https:\/\/www.jamonespascual.com\/blog\/#\/schema\/person\/06e6875e1a6cbf29e34c2ea4d7cf17ad"},"headline":"Longaniza ib\u00e9rica de bellota Capadura en Zaragoza . Charcuter\u00edas Pascual (Miguel Servet 87)","datePublished":"2026-03-05T17:27:59+00:00","dateModified":"2026-03-05T17:34:17+00:00","mainEntityOfPage":{"@id":"https:\/\/www.jamonespascual.com\/blog\/longaniza-iberica-de-bellota-capadura-en-zaragoza-charcuterias-pascual-miguel-servet-87\/"},"wordCount":965,"commentCount":0,"publisher":{"@id":"https:\/\/www.jamonespascual.com\/blog\/#organization"},"image":{"@id":"https:\/\/www.jamonespascual.com\/blog\/longaniza-iberica-de-bellota-capadura-en-zaragoza-charcuterias-pascual-miguel-servet-87\/#primaryimage"},"thumbnailUrl":"https:\/\/www.jamonespascual.com\/blog\/wp-content\/uploads\/2026\/03\/longaniza-iberica-bellota-capadura-zaragoza-1024x683.png","keywords":["capadura","charcuter\u00eda gourmet","Charcuter\u00edas Pascual","chorizo ib\u00e9rico de bellota","chorizo ib\u00e9rico picante","curaci\u00f3n tradicional","embutidos ib\u00e9ricos","embutidos ib\u00e9ricos de bellota","Jamones Pascual","longaniza ib\u00e9rica","longaniza ib\u00e9rica de bellota","Miguel Servet 87","producto gourmet","ristras de longaniza","salchich\u00f3n ib\u00e9rico de bellota","secado natural","Zaragoza"],"articleSection":["Embutidos Ib\u00e9ricos de Bellota"],"inLanguage":"es","potentialAction":[{"@type":"CommentAction","name":"Comment","target":["https:\/\/www.jamonespascual.com\/blog\/longaniza-iberica-de-bellota-capadura-en-zaragoza-charcuterias-pascual-miguel-servet-87\/#respond"]}]},{"@type":"WebPage","@id":"https:\/\/www.jamonespascual.com\/blog\/longaniza-iberica-de-bellota-capadura-en-zaragoza-charcuterias-pascual-miguel-servet-87\/","url":"https:\/\/www.jamonespascual.com\/blog\/longaniza-iberica-de-bellota-capadura-en-zaragoza-charcuterias-pascual-miguel-servet-87\/","name":"Longaniza ib\u00e9rica de bellota Capadura en Zaragoza . Charcuter\u00edas Pascual (Miguel Servet 87) - Blog de Charcuterias Pascual","isPartOf":{"@id":"https:\/\/www.jamonespascual.com\/blog\/#website"},"primaryImageOfPage":{"@id":"https:\/\/www.jamonespascual.com\/blog\/longaniza-iberica-de-bellota-capadura-en-zaragoza-charcuterias-pascual-miguel-servet-87\/#primaryimage"},"image":{"@id":"https:\/\/www.jamonespascual.com\/blog\/longaniza-iberica-de-bellota-capadura-en-zaragoza-charcuterias-pascual-miguel-servet-87\/#primaryimage"},"thumbnailUrl":"https:\/\/www.jamonespascual.com\/blog\/wp-content\/uploads\/2026\/03\/longaniza-iberica-bellota-capadura-zaragoza-1024x683.png","datePublished":"2026-03-05T17:27:59+00:00","dateModified":"2026-03-05T17:34:17+00:00","breadcrumb":{"@id":"https:\/\/www.jamonespascual.com\/blog\/longaniza-iberica-de-bellota-capadura-en-zaragoza-charcuterias-pascual-miguel-servet-87\/#breadcrumb"},"inLanguage":"es","potentialAction":[{"@type":"ReadAction","target":["https:\/\/www.jamonespascual.com\/blog\/longaniza-iberica-de-bellota-capadura-en-zaragoza-charcuterias-pascual-miguel-servet-87\/"]}]},{"@type":"ImageObject","inLanguage":"es","@id":"https:\/\/www.jamonespascual.com\/blog\/longaniza-iberica-de-bellota-capadura-en-zaragoza-charcuterias-pascual-miguel-servet-87\/#primaryimage","url":"https:\/\/www.jamonespascual.com\/blog\/wp-content\/uploads\/2026\/03\/longaniza-iberica-bellota-capadura-zaragoza.png","contentUrl":"https:\/\/www.jamonespascual.com\/blog\/wp-content\/uploads\/2026\/03\/longaniza-iberica-bellota-capadura-zaragoza.png","width":1536,"height":1024},{"@type":"BreadcrumbList","@id":"https:\/\/www.jamonespascual.com\/blog\/longaniza-iberica-de-bellota-capadura-en-zaragoza-charcuterias-pascual-miguel-servet-87\/#breadcrumb","itemListElement":[{"@type":"ListItem","position":1,"name":"Portada","item":"https:\/\/www.jamonespascual.com\/blog\/"},{"@type":"ListItem","position":2,"name":"Longaniza ib\u00e9rica de bellota Capadura en Zaragoza . Charcuter\u00edas Pascual (Miguel Servet 87)"}]},{"@type":"WebSite","@id":"https:\/\/www.jamonespascual.com\/blog\/#website","url":"https:\/\/www.jamonespascual.com\/blog\/","name":"Maestros Jamoneros","description":"Jam\u00f3n, ib\u00e9ricos, gourmet y cultura del producto en Zaragoza","publisher":{"@id":"https:\/\/www.jamonespascual.com\/blog\/#organization"},"potentialAction":[{"@type":"SearchAction","target":{"@type":"EntryPoint","urlTemplate":"https:\/\/www.jamonespascual.com\/blog\/?s={search_term_string}"},"query-input":{"@type":"PropertyValueSpecification","valueRequired":true,"valueName":"search_term_string"}}],"inLanguage":"es"},{"@type":"Organization","@id":"https:\/\/www.jamonespascual.com\/blog\/#organization","name":"Maestros Jamoneros","url":"https:\/\/www.jamonespascual.com\/blog\/","logo":{"@type":"ImageObject","inLanguage":"es","@id":"https:\/\/www.jamonespascual.com\/blog\/#\/schema\/logo\/image\/","url":"https:\/\/www.jamonespascual.com\/blog\/wp-content\/uploads\/2026\/03\/logo-autentico-de-jamones-pascual.jpeg","contentUrl":"https:\/\/www.jamonespascual.com\/blog\/wp-content\/uploads\/2026\/03\/logo-autentico-de-jamones-pascual.jpeg","width":189,"height":267,"caption":"Maestros Jamoneros"},"image":{"@id":"https:\/\/www.jamonespascual.com\/blog\/#\/schema\/logo\/image\/"},"sameAs":["https:\/\/www.facebook.com\/JamonesPascual\/","https:\/\/x.com\/JamonesPascual","https:\/\/www.instagram.com\/pascualcharcuterias\/?hl=es","https:\/\/es.pinterest.com\/JamonesPascual\/","https:\/\/www.tumblr.com\/charcuteriaspascual","https:\/\/www.flickr.com\/photos\/187582394@N06\/"]},{"@type":"Person","@id":"https:\/\/www.jamonespascual.com\/blog\/#\/schema\/person\/06e6875e1a6cbf29e34c2ea4d7cf17ad","name":"Jamones Pascual Pascual","image":{"@type":"ImageObject","inLanguage":"es","@id":"https:\/\/secure.gravatar.com\/avatar\/3fab46a91c3e5f8b5e1e728d6e579e449b68fc2de78c8c510dfc2dbf34185273?s=96&d=mm&r=g","url":"https:\/\/secure.gravatar.com\/avatar\/3fab46a91c3e5f8b5e1e728d6e579e449b68fc2de78c8c510dfc2dbf34185273?s=96&d=mm&r=g","contentUrl":"https:\/\/secure.gravatar.com\/avatar\/3fab46a91c3e5f8b5e1e728d6e579e449b68fc2de78c8c510dfc2dbf34185273?s=96&d=mm&r=g","caption":"Jamones Pascual Pascual"},"sameAs":["https:\/\/www.jamonespascual.com\/"],"url":"https:\/\/www.jamonespascual.com\/blog\/author\/jamones-pascual\/"}]}},"_links":{"self":[{"href":"https:\/\/www.jamonespascual.com\/blog\/wp-json\/wp\/v2\/posts\/639","targetHints":{"allow":["GET"]}}],"collection":[{"href":"https:\/\/www.jamonespascual.com\/blog\/wp-json\/wp\/v2\/posts"}],"about":[{"href":"https:\/\/www.jamonespascual.com\/blog\/wp-json\/wp\/v2\/types\/post"}],"author":[{"embeddable":true,"href":"https:\/\/www.jamonespascual.com\/blog\/wp-json\/wp\/v2\/users\/2"}],"replies":[{"embeddable":true,"href":"https:\/\/www.jamonespascual.com\/blog\/wp-json\/wp\/v2\/comments?post=639"}],"version-history":[{"count":4,"href":"https:\/\/www.jamonespascual.com\/blog\/wp-json\/wp\/v2\/posts\/639\/revisions"}],"predecessor-version":[{"id":663,"href":"https:\/\/www.jamonespascual.com\/blog\/wp-json\/wp\/v2\/posts\/639\/revisions\/663"}],"wp:attachment":[{"href":"https:\/\/www.jamonespascual.com\/blog\/wp-json\/wp\/v2\/media?parent=639"}],"wp:term":[{"taxonomy":"category","embeddable":true,"href":"https:\/\/www.jamonespascual.com\/blog\/wp-json\/wp\/v2\/categories?post=639"},{"taxonomy":"post_tag","embeddable":true,"href":"https:\/\/www.jamonespascual.com\/blog\/wp-json\/wp\/v2\/tags?post=639"}],"curies":[{"name":"wp","href":"https:\/\/api.w.org\/{rel}","templated":true}]}}