{"id":387,"date":"2019-06-02T16:06:50","date_gmt":"2019-06-02T16:06:50","guid":{"rendered":"http:\/\/www.jamonespascual.com\/blog\/?p=387"},"modified":"2026-02-22T10:02:54","modified_gmt":"2026-02-22T10:02:54","slug":"productos-covap-en-chaqrcuterias-pascual-el-iberico","status":"publish","type":"post","link":"https:\/\/www.jamonespascual.com\/blog\/productos-covap-en-chaqrcuterias-pascual-el-iberico\/","title":{"rendered":"Productos Covap en Charcuter\u00edas Pascual. El Ib\u00e9rico."},"content":{"rendered":"\n<p>Hubo un tiempo en el que un inmenso mar de encinas se extend\u00eda m\u00e1s all\u00e1 del horizonte. Su fruto color bronce alimentaba a una estirpe de animales \u00fanicos en el mundo: el cerdo 100% ib\u00e9rico.<\/p>\n\n\n\n<p>Hoy son esas mismas encinas milenarias las que siguen alimentando a nuestros&nbsp;<strong>cerdos 100% ib\u00e9ricos<\/strong>&nbsp;en un ecosistema incomparable:&nbsp;<strong>La dehesa del Valle de los Pedroches<\/strong>. Estos dos factores, la raza pura y un entorno privilegiado, han sido claves para crear uno de los manjares m\u00e1s exquisitos de nuestra tierra, s\u00edmbolo de calidad y tradici\u00f3n, los&nbsp;<strong>Ib\u00e9ricos COVAP<\/strong>.<\/p>\n\n\n\n<div class=\"wp-block-image\"><figure class=\"alignleft is-resized\"><img loading=\"lazy\" decoding=\"async\" src=\"https:\/\/www.jamonespascual.com\/blog\/wp-content\/uploads\/2019\/06\/ibericos-claves-origen.jpg\" alt=\"\" class=\"wp-image-388\" width=\"571\" height=\"571\" srcset=\"https:\/\/www.jamonespascual.com\/blog\/wp-content\/uploads\/2019\/06\/ibericos-claves-origen.jpg 208w, https:\/\/www.jamonespascual.com\/blog\/wp-content\/uploads\/2019\/06\/ibericos-claves-origen-150x150.jpg 150w\" sizes=\"auto, (max-width: 571px) 100vw, 571px\" \/><\/figure><\/div>\n\n\n\n<h2 class=\"wp-block-heading\"><\/h2>\n\n\n\n<h3 class=\"wp-block-heading\">UN ORIGEN \u00daNICO:&nbsp;NUESTRA GRAN DEHESA DE ENCINAS CENTENARIAS<\/h3>\n\n\n\n<p>El Valle de los Pedroches tiene la mayor extensi\u00f3n de encinas centenarias del mundo: m\u00e1s de&nbsp;<strong>300.000 hect\u00e1reas de Dehesa continuada<\/strong>, que proporcionan bellotas a nuestros cerdos Ib\u00e9ricos y un entorno para vivir en libertad.<\/p>\n\n\n\n<p>Un lugar \u00fanico en el mundo, con un microclima privilegiado para la curaci\u00f3n que confiere a nuestros Ib\u00e9ricos su personalidad inconfundible.<\/p>\n\n\n\n<figure class=\"wp-block-image is-resized\"><img loading=\"lazy\" decoding=\"async\" src=\"https:\/\/www.jamonespascual.com\/blog\/wp-content\/uploads\/2019\/06\/ibericos-claves-raza.jpg\" alt=\"\" class=\"wp-image-389\" width=\"592\" height=\"592\" srcset=\"https:\/\/www.jamonespascual.com\/blog\/wp-content\/uploads\/2019\/06\/ibericos-claves-raza.jpg 208w, https:\/\/www.jamonespascual.com\/blog\/wp-content\/uploads\/2019\/06\/ibericos-claves-raza-150x150.jpg 150w\" sizes=\"auto, (max-width: 592px) 100vw, 592px\" \/><\/figure>\n\n\n\n<h2 class=\"wp-block-heading\"><\/h2>\n\n\n\n<p>En COVAP \u00ab<strong>Somos ganaderos<\/strong>\u00ab. Con todo lo que eso significa: tenemos nuestra propia caba\u00f1a de cerdos de&nbsp;<strong>Raza 100% Ib\u00e9rica, inscrita en libro geneal\u00f3gico<\/strong>.<\/p>\n\n\n\n<p>Su autenticidad, crianza en libertad en nuestra dehesas (aproximadamente&nbsp;<strong>durante dos a\u00f1os<\/strong>, disfrutando de&nbsp;<strong>10.000 metros cuadrados por animal<\/strong>) y su alimentaci\u00f3n, hace que cada uno de nuestros Ib\u00e9ricos sea una pieza \u00fanica.<\/p>\n\n\n\n<p><\/p>\n\n\n\n<figure class=\"wp-block-image is-resized\"><img loading=\"lazy\" decoding=\"async\" src=\"https:\/\/www.jamonespascual.com\/blog\/wp-content\/uploads\/2019\/06\/ibericos-claves-ciclo.jpg\" alt=\"\" class=\"wp-image-390\" width=\"591\" height=\"591\" srcset=\"https:\/\/www.jamonespascual.com\/blog\/wp-content\/uploads\/2019\/06\/ibericos-claves-ciclo.jpg 208w, https:\/\/www.jamonespascual.com\/blog\/wp-content\/uploads\/2019\/06\/ibericos-claves-ciclo-150x150.jpg 150w\" sizes=\"auto, (max-width: 591px) 100vw, 591px\" \/><\/figure>\n\n\n\n<h3 class=\"wp-block-heading\">CICLO CERRADO DE PRODUCCI\u00d3N<\/h3>\n\n\n\n<p>Gracias a nuestro ciclo cerrado de producci\u00f3n, podemos asegurar la&nbsp;<strong>trazabilidad desde el origen<\/strong>.<\/p>\n\n\n\n<p>Aunando&nbsp;<strong>tradici\u00f3n con modernidad<\/strong>. Combinando todo nuestro saber atesorado durante generaciones con las m\u00e1s avanzadas innovaciones y modernos controles de calidad.<\/p>\n\n\n\n<p>Elaborando productos \u00fanicos, durante\u00a0<strong>m\u00e1s de 48 meses<\/strong>\u00a0de lenta curaci\u00f3n y envejecimiento de las piezas en\u00a0<strong>secaderos y bodegas naturales, donde nuestros Maestros Jamoneros<\/strong>\u00a0controlan y firman su calidad.<\/p>\n\n\n\n<figure class=\"wp-block-image is-resized\"><img loading=\"lazy\" decoding=\"async\" src=\"https:\/\/www.jamonespascual.com\/blog\/wp-content\/uploads\/2019\/06\/ibericos-claves-salud.jpg\" alt=\"\" class=\"wp-image-391\" width=\"587\" height=\"587\" srcset=\"https:\/\/www.jamonespascual.com\/blog\/wp-content\/uploads\/2019\/06\/ibericos-claves-salud.jpg 208w, https:\/\/www.jamonespascual.com\/blog\/wp-content\/uploads\/2019\/06\/ibericos-claves-salud-150x150.jpg 150w\" sizes=\"auto, (max-width: 587px) 100vw, 587px\" \/><\/figure>\n\n\n\n<h2 class=\"wp-block-heading\"><\/h2>\n\n\n\n<h3 class=\"wp-block-heading\"><\/h3>\n\n\n\n<p>FUENTE DE SALUD<\/p>\n\n\n\n<p>El Jam\u00f3n de Bellota 100% Ib\u00e9rico es un componente fundamental de la&nbsp;<strong>dieta mediterr\u00e1nea<\/strong>.<\/p>\n\n\n\n<p>La alimentaci\u00f3n natural de los cerdos Ib\u00e9ricos y su&nbsp;<strong>cr\u00eda en libertad<\/strong>&nbsp;son las responsables de sus cualidades beneficiosas para la salud.<\/p>\n\n\n\n<p>Las&nbsp;<strong>bellotas<\/strong>&nbsp;de nuestro encinar aportan \u00e1cido oleico, que ayuda a reducir el colesterol y prevenir enfermedades cardiovasculares. Y la&nbsp;<strong>hierba de la dehesa<\/strong>&nbsp;es fuente de vitaminas, minerales y antioxidantes naturales.<\/p>\n\n\n\n<p><\/p>\n\n\n\n<figure class=\"wp-block-image is-resized\"><img loading=\"lazy\" decoding=\"async\" src=\"https:\/\/www.jamonespascual.com\/blog\/wp-content\/uploads\/2019\/06\/ibericos-ganaderos.jpg\" alt=\"\" class=\"wp-image-392\" width=\"593\" height=\"383\" srcset=\"https:\/\/www.jamonespascual.com\/blog\/wp-content\/uploads\/2019\/06\/ibericos-ganaderos.jpg 483w, https:\/\/www.jamonespascual.com\/blog\/wp-content\/uploads\/2019\/06\/ibericos-ganaderos-300x194.jpg 300w\" sizes=\"auto, (max-width: 593px) 100vw, 593px\" \/><\/figure>\n\n\n\n<h2 class=\"wp-block-heading\"><\/h2>\n\n\n\n<p class=\"has-text-color has-very-dark-gray-color\">Por que somos una Cooperativa de ganaderos que, generaci\u00f3n tras generaci\u00f3n, ha mantenido un&nbsp;<strong>compromiso con la autenticidad<\/strong>.<\/p>\n\n\n\n<p>Nuestros ganaderos llevan m\u00e1s de&nbsp;<strong>cuatro generaciones criando los mejores cerdos Ib\u00e9ricos de Bellota<\/strong>, lo que nos ha convertido en s\u00edmbolo de tradici\u00f3n y calidad.<\/p>\n\n\n\n<p>Dos valores que podemos garantizar en todo el proceso, gracias a nuestro&nbsp;<strong>ciclo cerrado de producci\u00f3n<\/strong>, desde la crianza de nuestros cerdos de Raza 100% Ib\u00e9rica a la elaboraci\u00f3n artesanal y tradicional de todos nuestros productos.<\/p>\n\n\n\n<p><\/p>\n","protected":false},"excerpt":{"rendered":"<p>Hubo un tiempo en el que un inmenso mar de encinas se extend\u00eda m\u00e1s all\u00e1 del horizonte. Su fruto color bronce alimentaba a una estirpe de animales \u00fanicos en el mundo: el cerdo 100% ib\u00e9rico. Hoy son esas mismas encinas milenarias las que siguen alimentando a nuestros&nbsp;cerdos 100% ib\u00e9ricos&nbsp;en un ecosistema incomparable:&nbsp;La dehesa del Valle [&hellip;]<\/p>\n","protected":false},"author":1,"featured_media":0,"comment_status":"open","ping_status":"open","sticky":false,"template":"","format":"standard","meta":{"site-sidebar-layout":"default","site-content-layout":"","ast-site-content-layout":"default","site-content-style":"default","site-sidebar-style":"default","ast-global-header-display":"","ast-banner-title-visibility":"","ast-main-header-display":"","ast-hfb-above-header-display":"","ast-hfb-below-header-display":"","ast-hfb-mobile-header-display":"","site-post-title":"","ast-breadcrumbs-content":"","ast-featured-img":"","footer-sml-layout":"","ast-disable-related-posts":"","theme-transparent-header-meta":"","adv-header-id-meta":"","stick-header-meta":"","header-above-stick-meta":"","header-main-stick-meta":"","header-below-stick-meta":"","astra-migrate-meta-layouts":"default","ast-page-background-enabled":"default","ast-page-background-meta":{"desktop":{"background-color":"var(--ast-global-color-5)","background-image":"","background-repeat":"repeat","background-position":"center center","background-size":"auto","background-attachment":"scroll","background-type":"","background-media":"","overlay-type":"","overlay-color":"","overlay-opacity":"","overlay-gradient":""},"tablet":{"background-color":"","background-image":"","background-repeat":"repeat","background-position":"center center","background-size":"auto","background-attachment":"scroll","background-type":"","background-media":"","overlay-type":"","overlay-color":"","overlay-opacity":"","overlay-gradient":""},"mobile":{"background-color":"","background-image":"","background-repeat":"repeat","background-position":"center center","background-size":"auto","background-attachment":"scroll","background-type":"","background-media":"","overlay-type":"","overlay-color":"","overlay-opacity":"","overlay-gradient":""}},"ast-content-background-meta":{"desktop":{"background-color":"var(--ast-global-color-4)","background-image":"","background-repeat":"repeat","background-position":"center center","background-size":"auto","background-attachment":"scroll","background-type":"","background-media":"","overlay-type":"","overlay-color":"","overlay-opacity":"","overlay-gradient":""},"tablet":{"background-color":"var(--ast-global-color-4)","background-image":"","background-repeat":"repeat","background-position":"center center","background-size":"auto","background-attachment":"scroll","background-type":"","background-media":"","overlay-type":"","overlay-color":"","overlay-opacity":"","overlay-gradient":""},"mobile":{"background-color":"var(--ast-global-color-4)","background-image":"","background-repeat":"repeat","background-position":"center center","background-size":"auto","background-attachment":"scroll","background-type":"","background-media":"","overlay-type":"","overlay-color":"","overlay-opacity":"","overlay-gradient":""}},"footnotes":""},"categories":[10,4],"tags":[],"class_list":["post-387","post","type-post","status-publish","format-standard","hentry","category-historia-charcuterias-pascual","category-informacion"],"yoast_head":"<!-- This site is optimized with the Yoast SEO plugin v27.4 - https:\/\/yoast.com\/product\/yoast-seo-wordpress\/ -->\n<title>Productos Covap en Charcuter\u00edas Pascual. El Ib\u00e9rico. - Blog de Charcuterias Pascual<\/title>\n<meta name=\"robots\" content=\"index, follow, max-snippet:-1, max-image-preview:large, max-video-preview:-1\" \/>\n<link rel=\"canonical\" href=\"https:\/\/www.jamonespascual.com\/blog\/productos-covap-en-chaqrcuterias-pascual-el-iberico\/\" \/>\n<meta property=\"og:locale\" content=\"es_ES\" \/>\n<meta property=\"og:type\" content=\"article\" \/>\n<meta property=\"og:title\" content=\"Productos Covap en Charcuter\u00edas Pascual. El Ib\u00e9rico. - Blog de Charcuterias Pascual\" \/>\n<meta property=\"og:description\" content=\"Hubo un tiempo en el que un inmenso mar de encinas se extend\u00eda m\u00e1s all\u00e1 del horizonte. Su fruto color bronce alimentaba a una estirpe de animales \u00fanicos en el mundo: el cerdo 100% ib\u00e9rico. Hoy son esas mismas encinas milenarias las que siguen alimentando a nuestros&nbsp;cerdos 100% ib\u00e9ricos&nbsp;en un ecosistema incomparable:&nbsp;La dehesa del Valle [&hellip;]\" \/>\n<meta property=\"og:url\" content=\"https:\/\/www.jamonespascual.com\/blog\/productos-covap-en-chaqrcuterias-pascual-el-iberico\/\" \/>\n<meta property=\"og:site_name\" content=\"Blog de Charcuterias Pascual\" \/>\n<meta property=\"article:publisher\" content=\"https:\/\/www.facebook.com\/JamonesPascual\/\" \/>\n<meta property=\"article:published_time\" content=\"2019-06-02T16:06:50+00:00\" \/>\n<meta property=\"article:modified_time\" content=\"2026-02-22T10:02:54+00:00\" \/>\n<meta property=\"og:image\" content=\"http:\/\/www.jamonespascual.com\/blog\/wp-content\/uploads\/2019\/06\/ibericos-claves-origen.jpg\" \/>\n<meta name=\"author\" content=\"Antonio\" \/>\n<meta name=\"twitter:card\" content=\"summary_large_image\" \/>\n<meta name=\"twitter:creator\" content=\"@JamonesPascual\" \/>\n<meta name=\"twitter:site\" content=\"@JamonesPascual\" \/>\n<meta name=\"twitter:label1\" content=\"Escrito por\" \/>\n\t<meta name=\"twitter:data1\" content=\"Antonio\" \/>\n\t<meta name=\"twitter:label2\" content=\"Tiempo de lectura\" \/>\n\t<meta name=\"twitter:data2\" content=\"2 minutos\" \/>\n<script type=\"application\/ld+json\" class=\"yoast-schema-graph\">{\"@context\":\"https:\\\/\\\/schema.org\",\"@graph\":[{\"@type\":\"Article\",\"@id\":\"https:\\\/\\\/www.jamonespascual.com\\\/blog\\\/productos-covap-en-chaqrcuterias-pascual-el-iberico\\\/#article\",\"isPartOf\":{\"@id\":\"https:\\\/\\\/www.jamonespascual.com\\\/blog\\\/productos-covap-en-chaqrcuterias-pascual-el-iberico\\\/\"},\"author\":{\"name\":\"Antonio\",\"@id\":\"https:\\\/\\\/www.jamonespascual.com\\\/blog\\\/#\\\/schema\\\/person\\\/74a287600949b7ad79031db0c3facebd\"},\"headline\":\"Productos Covap en Charcuter\u00edas Pascual. El Ib\u00e9rico.\",\"datePublished\":\"2019-06-02T16:06:50+00:00\",\"dateModified\":\"2026-02-22T10:02:54+00:00\",\"mainEntityOfPage\":{\"@id\":\"https:\\\/\\\/www.jamonespascual.com\\\/blog\\\/productos-covap-en-chaqrcuterias-pascual-el-iberico\\\/\"},\"wordCount\":497,\"commentCount\":0,\"publisher\":{\"@id\":\"https:\\\/\\\/www.jamonespascual.com\\\/blog\\\/#organization\"},\"image\":{\"@id\":\"https:\\\/\\\/www.jamonespascual.com\\\/blog\\\/productos-covap-en-chaqrcuterias-pascual-el-iberico\\\/#primaryimage\"},\"thumbnailUrl\":\"http:\\\/\\\/www.jamonespascual.com\\\/blog\\\/wp-content\\\/uploads\\\/2019\\\/06\\\/ibericos-claves-origen.jpg\",\"articleSection\":[\"historia charcuterias pascual\",\"Informaci\u00f3n\"],\"inLanguage\":\"es\",\"potentialAction\":[{\"@type\":\"CommentAction\",\"name\":\"Comment\",\"target\":[\"https:\\\/\\\/www.jamonespascual.com\\\/blog\\\/productos-covap-en-chaqrcuterias-pascual-el-iberico\\\/#respond\"]}]},{\"@type\":\"WebPage\",\"@id\":\"https:\\\/\\\/www.jamonespascual.com\\\/blog\\\/productos-covap-en-chaqrcuterias-pascual-el-iberico\\\/\",\"url\":\"https:\\\/\\\/www.jamonespascual.com\\\/blog\\\/productos-covap-en-chaqrcuterias-pascual-el-iberico\\\/\",\"name\":\"Productos Covap en Charcuter\u00edas Pascual. El Ib\u00e9rico. - Blog de Charcuterias Pascual\",\"isPartOf\":{\"@id\":\"https:\\\/\\\/www.jamonespascual.com\\\/blog\\\/#website\"},\"primaryImageOfPage\":{\"@id\":\"https:\\\/\\\/www.jamonespascual.com\\\/blog\\\/productos-covap-en-chaqrcuterias-pascual-el-iberico\\\/#primaryimage\"},\"image\":{\"@id\":\"https:\\\/\\\/www.jamonespascual.com\\\/blog\\\/productos-covap-en-chaqrcuterias-pascual-el-iberico\\\/#primaryimage\"},\"thumbnailUrl\":\"http:\\\/\\\/www.jamonespascual.com\\\/blog\\\/wp-content\\\/uploads\\\/2019\\\/06\\\/ibericos-claves-origen.jpg\",\"datePublished\":\"2019-06-02T16:06:50+00:00\",\"dateModified\":\"2026-02-22T10:02:54+00:00\",\"breadcrumb\":{\"@id\":\"https:\\\/\\\/www.jamonespascual.com\\\/blog\\\/productos-covap-en-chaqrcuterias-pascual-el-iberico\\\/#breadcrumb\"},\"inLanguage\":\"es\",\"potentialAction\":[{\"@type\":\"ReadAction\",\"target\":[\"https:\\\/\\\/www.jamonespascual.com\\\/blog\\\/productos-covap-en-chaqrcuterias-pascual-el-iberico\\\/\"]}]},{\"@type\":\"ImageObject\",\"inLanguage\":\"es\",\"@id\":\"https:\\\/\\\/www.jamonespascual.com\\\/blog\\\/productos-covap-en-chaqrcuterias-pascual-el-iberico\\\/#primaryimage\",\"url\":\"https:\\\/\\\/www.jamonespascual.com\\\/blog\\\/wp-content\\\/uploads\\\/2019\\\/06\\\/ibericos-claves-origen.jpg\",\"contentUrl\":\"https:\\\/\\\/www.jamonespascual.com\\\/blog\\\/wp-content\\\/uploads\\\/2019\\\/06\\\/ibericos-claves-origen.jpg\",\"width\":208,\"height\":208},{\"@type\":\"BreadcrumbList\",\"@id\":\"https:\\\/\\\/www.jamonespascual.com\\\/blog\\\/productos-covap-en-chaqrcuterias-pascual-el-iberico\\\/#breadcrumb\",\"itemListElement\":[{\"@type\":\"ListItem\",\"position\":1,\"name\":\"Portada\",\"item\":\"https:\\\/\\\/www.jamonespascual.com\\\/blog\\\/\"},{\"@type\":\"ListItem\",\"position\":2,\"name\":\"Productos Covap en Charcuter\u00edas Pascual. El Ib\u00e9rico.\"}]},{\"@type\":\"WebSite\",\"@id\":\"https:\\\/\\\/www.jamonespascual.com\\\/blog\\\/#website\",\"url\":\"https:\\\/\\\/www.jamonespascual.com\\\/blog\\\/\",\"name\":\"Maestros Jamoneros\",\"description\":\"Jam\u00f3n, ib\u00e9ricos, gourmet y cultura del producto en Zaragoza\",\"publisher\":{\"@id\":\"https:\\\/\\\/www.jamonespascual.com\\\/blog\\\/#organization\"},\"potentialAction\":[{\"@type\":\"SearchAction\",\"target\":{\"@type\":\"EntryPoint\",\"urlTemplate\":\"https:\\\/\\\/www.jamonespascual.com\\\/blog\\\/?s={search_term_string}\"},\"query-input\":{\"@type\":\"PropertyValueSpecification\",\"valueRequired\":true,\"valueName\":\"search_term_string\"}}],\"inLanguage\":\"es\"},{\"@type\":\"Organization\",\"@id\":\"https:\\\/\\\/www.jamonespascual.com\\\/blog\\\/#organization\",\"name\":\"Maestros Jamoneros\",\"url\":\"https:\\\/\\\/www.jamonespascual.com\\\/blog\\\/\",\"logo\":{\"@type\":\"ImageObject\",\"inLanguage\":\"es\",\"@id\":\"https:\\\/\\\/www.jamonespascual.com\\\/blog\\\/#\\\/schema\\\/logo\\\/image\\\/\",\"url\":\"https:\\\/\\\/www.jamonespascual.com\\\/blog\\\/wp-content\\\/uploads\\\/2026\\\/03\\\/logo-autentico-de-jamones-pascual.jpeg\",\"contentUrl\":\"https:\\\/\\\/www.jamonespascual.com\\\/blog\\\/wp-content\\\/uploads\\\/2026\\\/03\\\/logo-autentico-de-jamones-pascual.jpeg\",\"width\":189,\"height\":267,\"caption\":\"Maestros Jamoneros\"},\"image\":{\"@id\":\"https:\\\/\\\/www.jamonespascual.com\\\/blog\\\/#\\\/schema\\\/logo\\\/image\\\/\"},\"sameAs\":[\"https:\\\/\\\/www.facebook.com\\\/JamonesPascual\\\/\",\"https:\\\/\\\/x.com\\\/JamonesPascual\",\"https:\\\/\\\/www.instagram.com\\\/pascualcharcuterias\\\/?hl=es\",\"https:\\\/\\\/es.pinterest.com\\\/JamonesPascual\\\/\",\"https:\\\/\\\/www.tumblr.com\\\/charcuteriaspascual\",\"https:\\\/\\\/www.flickr.com\\\/photos\\\/187582394@N06\\\/\"]},{\"@type\":\"Person\",\"@id\":\"https:\\\/\\\/www.jamonespascual.com\\\/blog\\\/#\\\/schema\\\/person\\\/74a287600949b7ad79031db0c3facebd\",\"name\":\"Antonio\",\"image\":{\"@type\":\"ImageObject\",\"inLanguage\":\"es\",\"@id\":\"https:\\\/\\\/secure.gravatar.com\\\/avatar\\\/63e7934683ba8a0871b91b49e0a7a0e750fa4752c32612073cf391be7a7e5355?s=96&d=mm&r=g\",\"url\":\"https:\\\/\\\/secure.gravatar.com\\\/avatar\\\/63e7934683ba8a0871b91b49e0a7a0e750fa4752c32612073cf391be7a7e5355?s=96&d=mm&r=g\",\"contentUrl\":\"https:\\\/\\\/secure.gravatar.com\\\/avatar\\\/63e7934683ba8a0871b91b49e0a7a0e750fa4752c32612073cf391be7a7e5355?s=96&d=mm&r=g\",\"caption\":\"Antonio\"},\"description\":\"Nacido en Somaen, Pueblo de de la provincia de Soria. Termino sus estudios en Arcos de Jal\u00f3n en Maestria industrial. De muy joven aprendio el noble oficio del jam\u00f3n y la charcuteria , a las ordenes del maestro Ernesto Lebrero, para m\u00e1s tarde forjar su negocio. En este tiempo a formado a varios jamoneros y charcuteros, asi como la elaboraci\u00f3n de su propio jam\u00f3n mimando todo su proceso desde el principio de una forma artesanal y cuidada. Gran conocedor de este arte destaca como cortador de jam\u00f3n y deshuesador. Le gusta el campo, la familia, los amigos, y de vez en cuando arrancarse con una Jota, siempre que puede se escapa a su Somaen natal, pueblo chiquito pero de enorme belleza paisajistica.\",\"sameAs\":[\"http:\\\/\\\/http\\\/\\\/www.jamonespascual.com\"],\"url\":\"https:\\\/\\\/www.jamonespascual.com\\\/blog\\\/author\\\/antonio\\\/\"}]}<\/script>\n<!-- \/ Yoast SEO plugin. -->","yoast_head_json":{"title":"Productos Covap en Charcuter\u00edas Pascual. El Ib\u00e9rico. - Blog de Charcuterias Pascual","robots":{"index":"index","follow":"follow","max-snippet":"max-snippet:-1","max-image-preview":"max-image-preview:large","max-video-preview":"max-video-preview:-1"},"canonical":"https:\/\/www.jamonespascual.com\/blog\/productos-covap-en-chaqrcuterias-pascual-el-iberico\/","og_locale":"es_ES","og_type":"article","og_title":"Productos Covap en Charcuter\u00edas Pascual. El Ib\u00e9rico. - Blog de Charcuterias Pascual","og_description":"Hubo un tiempo en el que un inmenso mar de encinas se extend\u00eda m\u00e1s all\u00e1 del horizonte. Su fruto color bronce alimentaba a una estirpe de animales \u00fanicos en el mundo: el cerdo 100% ib\u00e9rico. Hoy son esas mismas encinas milenarias las que siguen alimentando a nuestros&nbsp;cerdos 100% ib\u00e9ricos&nbsp;en un ecosistema incomparable:&nbsp;La dehesa del Valle [&hellip;]","og_url":"https:\/\/www.jamonespascual.com\/blog\/productos-covap-en-chaqrcuterias-pascual-el-iberico\/","og_site_name":"Blog de Charcuterias Pascual","article_publisher":"https:\/\/www.facebook.com\/JamonesPascual\/","article_published_time":"2019-06-02T16:06:50+00:00","article_modified_time":"2026-02-22T10:02:54+00:00","og_image":[{"url":"http:\/\/www.jamonespascual.com\/blog\/wp-content\/uploads\/2019\/06\/ibericos-claves-origen.jpg","type":"","width":"","height":""}],"author":"Antonio","twitter_card":"summary_large_image","twitter_creator":"@JamonesPascual","twitter_site":"@JamonesPascual","twitter_misc":{"Escrito por":"Antonio","Tiempo de lectura":"2 minutos"},"schema":{"@context":"https:\/\/schema.org","@graph":[{"@type":"Article","@id":"https:\/\/www.jamonespascual.com\/blog\/productos-covap-en-chaqrcuterias-pascual-el-iberico\/#article","isPartOf":{"@id":"https:\/\/www.jamonespascual.com\/blog\/productos-covap-en-chaqrcuterias-pascual-el-iberico\/"},"author":{"name":"Antonio","@id":"https:\/\/www.jamonespascual.com\/blog\/#\/schema\/person\/74a287600949b7ad79031db0c3facebd"},"headline":"Productos Covap en Charcuter\u00edas Pascual. El Ib\u00e9rico.","datePublished":"2019-06-02T16:06:50+00:00","dateModified":"2026-02-22T10:02:54+00:00","mainEntityOfPage":{"@id":"https:\/\/www.jamonespascual.com\/blog\/productos-covap-en-chaqrcuterias-pascual-el-iberico\/"},"wordCount":497,"commentCount":0,"publisher":{"@id":"https:\/\/www.jamonespascual.com\/blog\/#organization"},"image":{"@id":"https:\/\/www.jamonespascual.com\/blog\/productos-covap-en-chaqrcuterias-pascual-el-iberico\/#primaryimage"},"thumbnailUrl":"http:\/\/www.jamonespascual.com\/blog\/wp-content\/uploads\/2019\/06\/ibericos-claves-origen.jpg","articleSection":["historia charcuterias pascual","Informaci\u00f3n"],"inLanguage":"es","potentialAction":[{"@type":"CommentAction","name":"Comment","target":["https:\/\/www.jamonespascual.com\/blog\/productos-covap-en-chaqrcuterias-pascual-el-iberico\/#respond"]}]},{"@type":"WebPage","@id":"https:\/\/www.jamonespascual.com\/blog\/productos-covap-en-chaqrcuterias-pascual-el-iberico\/","url":"https:\/\/www.jamonespascual.com\/blog\/productos-covap-en-chaqrcuterias-pascual-el-iberico\/","name":"Productos Covap en Charcuter\u00edas Pascual. El Ib\u00e9rico. - Blog de Charcuterias Pascual","isPartOf":{"@id":"https:\/\/www.jamonespascual.com\/blog\/#website"},"primaryImageOfPage":{"@id":"https:\/\/www.jamonespascual.com\/blog\/productos-covap-en-chaqrcuterias-pascual-el-iberico\/#primaryimage"},"image":{"@id":"https:\/\/www.jamonespascual.com\/blog\/productos-covap-en-chaqrcuterias-pascual-el-iberico\/#primaryimage"},"thumbnailUrl":"http:\/\/www.jamonespascual.com\/blog\/wp-content\/uploads\/2019\/06\/ibericos-claves-origen.jpg","datePublished":"2019-06-02T16:06:50+00:00","dateModified":"2026-02-22T10:02:54+00:00","breadcrumb":{"@id":"https:\/\/www.jamonespascual.com\/blog\/productos-covap-en-chaqrcuterias-pascual-el-iberico\/#breadcrumb"},"inLanguage":"es","potentialAction":[{"@type":"ReadAction","target":["https:\/\/www.jamonespascual.com\/blog\/productos-covap-en-chaqrcuterias-pascual-el-iberico\/"]}]},{"@type":"ImageObject","inLanguage":"es","@id":"https:\/\/www.jamonespascual.com\/blog\/productos-covap-en-chaqrcuterias-pascual-el-iberico\/#primaryimage","url":"https:\/\/www.jamonespascual.com\/blog\/wp-content\/uploads\/2019\/06\/ibericos-claves-origen.jpg","contentUrl":"https:\/\/www.jamonespascual.com\/blog\/wp-content\/uploads\/2019\/06\/ibericos-claves-origen.jpg","width":208,"height":208},{"@type":"BreadcrumbList","@id":"https:\/\/www.jamonespascual.com\/blog\/productos-covap-en-chaqrcuterias-pascual-el-iberico\/#breadcrumb","itemListElement":[{"@type":"ListItem","position":1,"name":"Portada","item":"https:\/\/www.jamonespascual.com\/blog\/"},{"@type":"ListItem","position":2,"name":"Productos Covap en Charcuter\u00edas Pascual. El Ib\u00e9rico."}]},{"@type":"WebSite","@id":"https:\/\/www.jamonespascual.com\/blog\/#website","url":"https:\/\/www.jamonespascual.com\/blog\/","name":"Maestros Jamoneros","description":"Jam\u00f3n, ib\u00e9ricos, gourmet y cultura del producto en Zaragoza","publisher":{"@id":"https:\/\/www.jamonespascual.com\/blog\/#organization"},"potentialAction":[{"@type":"SearchAction","target":{"@type":"EntryPoint","urlTemplate":"https:\/\/www.jamonespascual.com\/blog\/?s={search_term_string}"},"query-input":{"@type":"PropertyValueSpecification","valueRequired":true,"valueName":"search_term_string"}}],"inLanguage":"es"},{"@type":"Organization","@id":"https:\/\/www.jamonespascual.com\/blog\/#organization","name":"Maestros Jamoneros","url":"https:\/\/www.jamonespascual.com\/blog\/","logo":{"@type":"ImageObject","inLanguage":"es","@id":"https:\/\/www.jamonespascual.com\/blog\/#\/schema\/logo\/image\/","url":"https:\/\/www.jamonespascual.com\/blog\/wp-content\/uploads\/2026\/03\/logo-autentico-de-jamones-pascual.jpeg","contentUrl":"https:\/\/www.jamonespascual.com\/blog\/wp-content\/uploads\/2026\/03\/logo-autentico-de-jamones-pascual.jpeg","width":189,"height":267,"caption":"Maestros Jamoneros"},"image":{"@id":"https:\/\/www.jamonespascual.com\/blog\/#\/schema\/logo\/image\/"},"sameAs":["https:\/\/www.facebook.com\/JamonesPascual\/","https:\/\/x.com\/JamonesPascual","https:\/\/www.instagram.com\/pascualcharcuterias\/?hl=es","https:\/\/es.pinterest.com\/JamonesPascual\/","https:\/\/www.tumblr.com\/charcuteriaspascual","https:\/\/www.flickr.com\/photos\/187582394@N06\/"]},{"@type":"Person","@id":"https:\/\/www.jamonespascual.com\/blog\/#\/schema\/person\/74a287600949b7ad79031db0c3facebd","name":"Antonio","image":{"@type":"ImageObject","inLanguage":"es","@id":"https:\/\/secure.gravatar.com\/avatar\/63e7934683ba8a0871b91b49e0a7a0e750fa4752c32612073cf391be7a7e5355?s=96&d=mm&r=g","url":"https:\/\/secure.gravatar.com\/avatar\/63e7934683ba8a0871b91b49e0a7a0e750fa4752c32612073cf391be7a7e5355?s=96&d=mm&r=g","contentUrl":"https:\/\/secure.gravatar.com\/avatar\/63e7934683ba8a0871b91b49e0a7a0e750fa4752c32612073cf391be7a7e5355?s=96&d=mm&r=g","caption":"Antonio"},"description":"Nacido en Somaen, Pueblo de de la provincia de Soria. Termino sus estudios en Arcos de Jal\u00f3n en Maestria industrial. De muy joven aprendio el noble oficio del jam\u00f3n y la charcuteria , a las ordenes del maestro Ernesto Lebrero, para m\u00e1s tarde forjar su negocio. En este tiempo a formado a varios jamoneros y charcuteros, asi como la elaboraci\u00f3n de su propio jam\u00f3n mimando todo su proceso desde el principio de una forma artesanal y cuidada. Gran conocedor de este arte destaca como cortador de jam\u00f3n y deshuesador. Le gusta el campo, la familia, los amigos, y de vez en cuando arrancarse con una Jota, siempre que puede se escapa a su Somaen natal, pueblo chiquito pero de enorme belleza paisajistica.","sameAs":["http:\/\/http\/\/www.jamonespascual.com"],"url":"https:\/\/www.jamonespascual.com\/blog\/author\/antonio\/"}]}},"_links":{"self":[{"href":"https:\/\/www.jamonespascual.com\/blog\/wp-json\/wp\/v2\/posts\/387","targetHints":{"allow":["GET"]}}],"collection":[{"href":"https:\/\/www.jamonespascual.com\/blog\/wp-json\/wp\/v2\/posts"}],"about":[{"href":"https:\/\/www.jamonespascual.com\/blog\/wp-json\/wp\/v2\/types\/post"}],"author":[{"embeddable":true,"href":"https:\/\/www.jamonespascual.com\/blog\/wp-json\/wp\/v2\/users\/1"}],"replies":[{"embeddable":true,"href":"https:\/\/www.jamonespascual.com\/blog\/wp-json\/wp\/v2\/comments?post=387"}],"version-history":[{"count":2,"href":"https:\/\/www.jamonespascual.com\/blog\/wp-json\/wp\/v2\/posts\/387\/revisions"}],"predecessor-version":[{"id":394,"href":"https:\/\/www.jamonespascual.com\/blog\/wp-json\/wp\/v2\/posts\/387\/revisions\/394"}],"wp:attachment":[{"href":"https:\/\/www.jamonespascual.com\/blog\/wp-json\/wp\/v2\/media?parent=387"}],"wp:term":[{"taxonomy":"category","embeddable":true,"href":"https:\/\/www.jamonespascual.com\/blog\/wp-json\/wp\/v2\/categories?post=387"},{"taxonomy":"post_tag","embeddable":true,"href":"https:\/\/www.jamonespascual.com\/blog\/wp-json\/wp\/v2\/tags?post=387"}],"curies":[{"name":"wp","href":"https:\/\/api.w.org\/{rel}","templated":true}]}}